{"id":1213,"date":"2020-01-26T13:00:14","date_gmt":"2020-01-26T12:00:14","guid":{"rendered":"http:\/\/geocaching-rheinland.de\/?p=1213"},"modified":"2020-03-09T17:50:08","modified_gmt":"2020-03-09T16:50:08","slug":"geocaching-messestand","status":"publish","type":"post","link":"https:\/\/geocaching-rheinland.de\/?p=1213","title":{"rendered":"Geocaching-Messestand (updated)"},"content":{"rendered":"\n<p>Auch in diesem Jahr wird es wieder einen Geocaching-Stand auf der <a href=\"https:\/\/www.jagd-und-hund.de\" class=\"broken_link\">Messe Jagd und Hund<\/a>  in Dortmund geben. Vom 28. Januar bis 2. Februar besetzen Geocaching-Vereine und engagierte Einzelpersonen den <a href=\"https:\/\/osc.messe-dortmund.de\/whdo\/servlet\/rubin.osc.TemplateServlet?useDef=J&amp;templateServlet=BIS_HALLE&amp;view=HALLE&amp;fkCbWnr=344686786&amp;ishop_id=JH20_AVZ&amp;t=0120090939&amp;altIsvlIntId=BIS_SEARCH&amp;vs=1&amp;ipaekopfExtidFrom=S-126738&amp;raId=H8&amp;stcadLnrs=405591941&amp;showInfoSt=126738&amp;stnr=8.F04\">Stand 8.F04<\/a> in Halle 8. Auch unser Verein Geocaching Rheinland wird wieder vertreten sein. Wir stehen dort den Messebesuchern als Ansprechpartner f\u00fcr allgemeine Fragen oder konkrete Probleme zur Verf\u00fcgung.<\/p>\n\n\n\n<p>Wir freuen uns auf Besuch und bedanken uns schon jetzt beim <a href=\"http:\/\/www.gckst.de\">Geocaching Kreis Steinfurt e.V.<\/a> f\u00fcr die Organisation im Vorfeld sowie beim <a href=\"http:\/\/www.geocaching-schleswig-holstein.de\/\">Geocaching Schleswig-Holstein e.V.<\/a>, Geocachern aus dem Sauerland, <a href=\"https:\/\/www.opencaching.de\">Opencaching<\/a> und einem <a href=\"http:\/\/umweltcacher.de\">Umweltcacher<\/a> f\u00fcr die tatkr\u00e4ftige Unterst\u00fctzung!<\/p>\n\n\n\n<p><strong>Update<\/strong>: Einen <a href=\"https:\/\/www.geocaching.com\/blog\/2020\/02\/geocacher-auf-der-jagd-hund\/\">ausf\u00fchrlichen Bericht zum Messestand gibt es im Geocaching-Blog<\/a>.<\/p>\n","protected":false},"excerpt":{"rendered":"<p>Auch in diesem Jahr wird es wieder einen Geocaching-Stand auf der Messe Jagd und Hund in Dortmund geben. Vom 28. Januar bis 2. Februar besetzen Geocaching-Vereine und engagierte Einzelpersonen den Stand 8.F04 in Halle 8. Auch unser Verein Geocaching Rheinland wird wieder vertreten sein. Wir stehen dort den Messebesuchern als Ansprechpartner f\u00fcr allgemeine Fragen oder [&hellip;]<\/p>\n","protected":false},"author":2,"featured_media":0,"comment_status":"open","ping_status":"open","sticky":false,"template":"","format":"standard","meta":{"footnotes":"","_links_to":"","_links_to_target":""},"categories":[3,120],"tags":[171,22,59,61],"class_list":["post-1213","post","type-post","status-publish","format-standard","hentry","category-positives","category-konflikt","tag-jagd-und-hund","tag-dialog","tag-jagdhund","tag-jaeger"],"_links":{"self":[{"href":"https:\/\/geocaching-rheinland.de\/index.php?rest_route=\/wp\/v2\/posts\/1213","targetHints":{"allow":["GET"]}}],"collection":[{"href":"https:\/\/geocaching-rheinland.de\/index.php?rest_route=\/wp\/v2\/posts"}],"about":[{"href":"https:\/\/geocaching-rheinland.de\/index.php?rest_route=\/wp\/v2\/types\/post"}],"author":[{"embeddable":true,"href":"https:\/\/geocaching-rheinland.de\/index.php?rest_route=\/wp\/v2\/users\/2"}],"replies":[{"embeddable":true,"href":"https:\/\/geocaching-rheinland.de\/index.php?rest_route=%2Fwp%2Fv2%2Fcomments&post=1213"}],"version-history":[{"count":7,"href":"https:\/\/geocaching-rheinland.de\/index.php?rest_route=\/wp\/v2\/posts\/1213\/revisions"}],"predecessor-version":[{"id":1248,"href":"https:\/\/geocaching-rheinland.de\/index.php?rest_route=\/wp\/v2\/posts\/1213\/revisions\/1248"}],"wp:attachment":[{"href":"https:\/\/geocaching-rheinland.de\/index.php?rest_route=%2Fwp%2Fv2%2Fmedia&parent=1213"}],"wp:term":[{"taxonomy":"category","embeddable":true,"href":"https:\/\/geocaching-rheinland.de\/index.php?rest_route=%2Fwp%2Fv2%2Fcategories&post=1213"},{"taxonomy":"post_tag","embeddable":true,"href":"https:\/\/geocaching-rheinland.de\/index.php?rest_route=%2Fwp%2Fv2%2Ftags&post=1213"}],"curies":[{"name":"wp","href":"https:\/\/api.w.org\/{rel}","templated":true}]}}